{"id":5494,"date":"2025-12-21T17:19:36","date_gmt":"2025-12-21T16:19:36","guid":{"rendered":"https:\/\/fotoart-weinboehla.de\/?p=5494"},"modified":"2025-12-21T17:19:46","modified_gmt":"2025-12-21T16:19:46","slug":"weihnachtsfeier-2025","status":"publish","type":"post","link":"https:\/\/fotoart-weinboehla.de\/?p=5494","title":{"rendered":"Weihnachtsfeier 2025"},"content":{"rendered":"<p>Wieder haben wir ein interessantes und abwechslungsreiches Jahr Fotoclubgeschichte geschafft.<br \/>\nVielen herzlichen Dank an alle aktiven Fotofreunde f\u00fcr ihre Unterst\u00fctzung der Clubarbeit. Ebenso ein gro\u00dfes Dankesch\u00f6n an unsere verst\u00e4ndnisvollen Partner und Familienangeh\u00f6rigen, denn sie haben es manchmal nicht so ganz leicht mit uns \u2026.<br \/>\nEs war ein toller Jahresausklang in unserem \u201eTraditionslokal\u201c, dem Laubenschl\u00f6sschen Weinb\u00f6hla. Besonders haben wir uns gefreut, dass auch Monika und Roswitha unserer Einladung gefolgt waren.<br \/>\nWir konnten an diesem Abend nicht nur leckeres Essen und mehr oder weniger gehaltvolle Getr\u00e4nke genie\u00dfen, sondern wurden auch \u201ekulturell\u201c verw\u00f6hnt mit:<br \/>\n&#8211; Ramonas fr\u00f6hlicher Weihnachtsrede,<br \/>\n&#8211; Mattias\u2018 Spezialquizz,<br \/>\n&#8211; Willis traditionellem Video \u00fcber die Clubaktivit\u00e4ten des vergangenen Jahres,<br \/>\ndie so manchen Schmunzler und lauten Lacher hervorbrachten,<br \/>\n&#8211; der Premiere der Bilder vom diesj\u00e4hrigen \u201eUnbekannten Gegenstand\u201c und<br \/>\n&#8211; der DIA-Show zur Coswiger Sterneweichnacht mit entsprechender<br \/>\nmusikalischer Untermalung.\u00a0 \u00a0 \u00a0 \u00a0 \u00a0 \u00a0 \u00a0 \u00a0 \u00a0 \u00a0 \u00a0 \u00a0 \u00a0 \u00a0 \u00a0 \u00a0 \u00a0 \u00a0 \u00a0 \u00a0 \u00a0 \u00a0 \u00a0 \u00a0 \u00a0 \u00a0 \u00a0 \u00a0 \u00a0 \u00a0 \u00a0 \u00a0 \u00a0 \u00a0 \u00a0 \u00a0(Bernd Ruhle)<\/p>\n<p><img loading=\"lazy\" decoding=\"async\" class=\"alignnone size-full wp-image-5495\" src=\"https:\/\/fotoart-weinboehla.de\/wp-content\/uploads\/2025\/12\/Weihnachtsfeier-2025.jpg\" alt=\"\" width=\"1000\" height=\"1190\" srcset=\"https:\/\/fotoart-weinboehla.de\/wp-content\/uploads\/2025\/12\/Weihnachtsfeier-2025.jpg 1000w, https:\/\/fotoart-weinboehla.de\/wp-content\/uploads\/2025\/12\/Weihnachtsfeier-2025-252x300.jpg 252w, https:\/\/fotoart-weinboehla.de\/wp-content\/uploads\/2025\/12\/Weihnachtsfeier-2025-861x1024.jpg 861w, https:\/\/fotoart-weinboehla.de\/wp-content\/uploads\/2025\/12\/Weihnachtsfeier-2025-768x914.jpg 768w, https:\/\/fotoart-weinboehla.de\/wp-content\/uploads\/2025\/12\/Weihnachtsfeier-2025-320x381.jpg 320w, https:\/\/fotoart-weinboehla.de\/wp-content\/uploads\/2025\/12\/Weihnachtsfeier-2025-480x571.jpg 480w, https:\/\/fotoart-weinboehla.de\/wp-content\/uploads\/2025\/12\/Weihnachtsfeier-2025-800x952.jpg 800w\" sizes=\"auto, (max-width: 1000px) 100vw, 1000px\" \/><\/p>\n<p>&nbsp;<\/p>\n","protected":false},"excerpt":{"rendered":"<p>Wieder haben wir ein interessantes und abwechslungsreiches Jahr Fotoclubgeschichte geschafft. Vielen herzlichen Dank an alle aktiven Fotofreunde f\u00fcr ihre Unterst\u00fctzung der Clubarbeit. Ebenso ein gro\u00dfes Dankesch\u00f6n an unsere verst\u00e4ndnisvollen Partner und Familienangeh\u00f6rigen, denn sie haben es manchmal nicht so ganz leicht mit uns \u2026. Es war ein toller Jahresausklang in unserem \u201eTraditionslokal\u201c, dem Laubenschl\u00f6sschen Weinb\u00f6hla. &hellip; <a href=\"https:\/\/fotoart-weinboehla.de\/?p=5494\" class=\"more-link\"><span class=\"screen-reader-text\">Weihnachtsfeier 2025<\/span> weiterlesen<\/a><\/p>\n","protected":false},"author":3,"featured_media":0,"comment_status":"closed","ping_status":"open","sticky":false,"template":"","format":"standard","meta":{"_jetpack_memberships_contains_paid_content":false,"footnotes":""},"categories":[8],"tags":[],"class_list":["post-5494","post","type-post","status-publish","format-standard","hentry","category-chronikblog"],"jetpack_featured_media_url":"","jetpack_sharing_enabled":true,"_links":{"self":[{"href":"https:\/\/fotoart-weinboehla.de\/index.php?rest_route=\/wp\/v2\/posts\/5494","targetHints":{"allow":["GET"]}}],"collection":[{"href":"https:\/\/fotoart-weinboehla.de\/index.php?rest_route=\/wp\/v2\/posts"}],"about":[{"href":"https:\/\/fotoart-weinboehla.de\/index.php?rest_route=\/wp\/v2\/types\/post"}],"author":[{"embeddable":true,"href":"https:\/\/fotoart-weinboehla.de\/index.php?rest_route=\/wp\/v2\/users\/3"}],"replies":[{"embeddable":true,"href":"https:\/\/fotoart-weinboehla.de\/index.php?rest_route=%2Fwp%2Fv2%2Fcomments&post=5494"}],"version-history":[{"count":3,"href":"https:\/\/fotoart-weinboehla.de\/index.php?rest_route=\/wp\/v2\/posts\/5494\/revisions"}],"predecessor-version":[{"id":5498,"href":"https:\/\/fotoart-weinboehla.de\/index.php?rest_route=\/wp\/v2\/posts\/5494\/revisions\/5498"}],"wp:attachment":[{"href":"https:\/\/fotoart-weinboehla.de\/index.php?rest_route=%2Fwp%2Fv2%2Fmedia&parent=5494"}],"wp:term":[{"taxonomy":"category","embeddable":true,"href":"https:\/\/fotoart-weinboehla.de\/index.php?rest_route=%2Fwp%2Fv2%2Fcategories&post=5494"},{"taxonomy":"post_tag","embeddable":true,"href":"https:\/\/fotoart-weinboehla.de\/index.php?rest_route=%2Fwp%2Fv2%2Ftags&post=5494"}],"curies":[{"name":"wp","href":"https:\/\/api.w.org\/{rel}","templated":true}]}}