{"id":5379,"date":"2025-07-18T16:37:42","date_gmt":"2025-07-18T15:37:42","guid":{"rendered":"https:\/\/fotoart-weinboehla.de\/?p=5379"},"modified":"2025-07-18T16:37:42","modified_gmt":"2025-07-18T15:37:42","slug":"unsere-17-fotoausstellung-in-der-st-martinskirche-weinboehla","status":"publish","type":"post","link":"https:\/\/fotoart-weinboehla.de\/?p=5379","title":{"rendered":"Unsere 17. Fotoausstellung in der St. Martinskirche Weinb\u00f6hla"},"content":{"rendered":"<p>Nachdem wir am 11. Juli 2025 unsere Ausstellung in der Kirche aufgebaut hatten, er\u00f6ffnete Pfarrer Norbert Rei\u00dfmann am 13. Juli nach dem Gottesdienst unsere Fotoausstellung. Bereits in seiner Predigt bezog er wieder in sehr anschaulicher und ansprechender Form das Thema &#8222;Stille&#8220; mit ein, so dass alle Anwesenden sehr gut eingestimmt wurden. So kam es nach dem Gottesdienst zu zahlreichen Gespr\u00e4chen mit Kirchenmitgliedern und Besuchern. Danke an das gesamte Kirchenteam, die unsere Ausstellung erm\u00f6glichten und die Vernissage ausgestalteten.<\/p>\n<p><img loading=\"lazy\" decoding=\"async\" class=\"alignnone size-full wp-image-5380\" src=\"https:\/\/fotoart-weinboehla.de\/wp-content\/uploads\/2025\/07\/Neutraler-HG-gross-Kopie-1.jpg\" alt=\"\" width=\"1000\" height=\"1095\" srcset=\"https:\/\/fotoart-weinboehla.de\/wp-content\/uploads\/2025\/07\/Neutraler-HG-gross-Kopie-1.jpg 1000w, https:\/\/fotoart-weinboehla.de\/wp-content\/uploads\/2025\/07\/Neutraler-HG-gross-Kopie-1-274x300.jpg 274w, https:\/\/fotoart-weinboehla.de\/wp-content\/uploads\/2025\/07\/Neutraler-HG-gross-Kopie-1-935x1024.jpg 935w, https:\/\/fotoart-weinboehla.de\/wp-content\/uploads\/2025\/07\/Neutraler-HG-gross-Kopie-1-768x841.jpg 768w\" sizes=\"auto, (max-width: 1000px) 100vw, 1000px\" \/><\/p>\n","protected":false},"excerpt":{"rendered":"<p>Nachdem wir am 11. Juli 2025 unsere Ausstellung in der Kirche aufgebaut hatten, er\u00f6ffnete Pfarrer Norbert Rei\u00dfmann am 13. Juli nach dem Gottesdienst unsere Fotoausstellung. Bereits in seiner Predigt bezog er wieder in sehr anschaulicher und ansprechender Form das Thema &#8222;Stille&#8220; mit ein, so dass alle Anwesenden sehr gut eingestimmt wurden. So kam es nach &hellip; <a href=\"https:\/\/fotoart-weinboehla.de\/?p=5379\" class=\"more-link\"><span class=\"screen-reader-text\">Unsere 17. Fotoausstellung in der St. Martinskirche Weinb\u00f6hla<\/span> weiterlesen<\/a><\/p>\n","protected":false},"author":3,"featured_media":0,"comment_status":"closed","ping_status":"open","sticky":false,"template":"","format":"standard","meta":{"_jetpack_memberships_contains_paid_content":false,"footnotes":""},"categories":[8],"tags":[],"class_list":["post-5379","post","type-post","status-publish","format-standard","hentry","category-chronikblog"],"jetpack_featured_media_url":"","jetpack_sharing_enabled":true,"_links":{"self":[{"href":"https:\/\/fotoart-weinboehla.de\/index.php?rest_route=\/wp\/v2\/posts\/5379","targetHints":{"allow":["GET"]}}],"collection":[{"href":"https:\/\/fotoart-weinboehla.de\/index.php?rest_route=\/wp\/v2\/posts"}],"about":[{"href":"https:\/\/fotoart-weinboehla.de\/index.php?rest_route=\/wp\/v2\/types\/post"}],"author":[{"embeddable":true,"href":"https:\/\/fotoart-weinboehla.de\/index.php?rest_route=\/wp\/v2\/users\/3"}],"replies":[{"embeddable":true,"href":"https:\/\/fotoart-weinboehla.de\/index.php?rest_route=%2Fwp%2Fv2%2Fcomments&post=5379"}],"version-history":[{"count":1,"href":"https:\/\/fotoart-weinboehla.de\/index.php?rest_route=\/wp\/v2\/posts\/5379\/revisions"}],"predecessor-version":[{"id":5381,"href":"https:\/\/fotoart-weinboehla.de\/index.php?rest_route=\/wp\/v2\/posts\/5379\/revisions\/5381"}],"wp:attachment":[{"href":"https:\/\/fotoart-weinboehla.de\/index.php?rest_route=%2Fwp%2Fv2%2Fmedia&parent=5379"}],"wp:term":[{"taxonomy":"category","embeddable":true,"href":"https:\/\/fotoart-weinboehla.de\/index.php?rest_route=%2Fwp%2Fv2%2Fcategories&post=5379"},{"taxonomy":"post_tag","embeddable":true,"href":"https:\/\/fotoart-weinboehla.de\/index.php?rest_route=%2Fwp%2Fv2%2Ftags&post=5379"}],"curies":[{"name":"wp","href":"https:\/\/api.w.org\/{rel}","templated":true}]}}