{"id":5332,"date":"2025-04-01T13:21:49","date_gmt":"2025-04-01T12:21:49","guid":{"rendered":"https:\/\/fotoart-weinboehla.de\/?p=5332"},"modified":"2025-04-01T13:22:45","modified_gmt":"2025-04-01T12:22:45","slug":"vernissage-des-dvf-sachsen-am-8-maerz-2025","status":"publish","type":"post","link":"https:\/\/fotoart-weinboehla.de\/?p=5332","title":{"rendered":"Vernissage des DVF Sachsen am 8. M\u00e4rz 2025"},"content":{"rendered":"<p>Die Vernissage des DVF Sachsen zeigte Bilder der Landesfotoschau 2025, des Landes-Themenwettbewerbes (Licht und Schatten) und ausgew\u00e4hlte Fotos des Mappenfotowettbewerbes 2022\/ 24 im Foyer des Bahnhofs Dresden-Neustadt. Au\u00dferdem gab es Urkunden f\u00fcr 10 Jahre DVF-Mitgliedschaft f\u00fcr Detlef, Bernd und Regina sowie Urkunden und Gutscheine f\u00fcr Bernd und Regina f\u00fcr einige ihrer eingereichten Bilder zum Themenwettbewerb und zur Landesfotoschau.<\/p>\n<p><img loading=\"lazy\" decoding=\"async\" class=\"alignnone size-full wp-image-5333\" src=\"https:\/\/fotoart-weinboehla.de\/wp-content\/uploads\/2025\/04\/Neutraler-HG-gross-Kopie.jpg\" alt=\"\" width=\"1452\" height=\"1450\" srcset=\"https:\/\/fotoart-weinboehla.de\/wp-content\/uploads\/2025\/04\/Neutraler-HG-gross-Kopie.jpg 1452w, https:\/\/fotoart-weinboehla.de\/wp-content\/uploads\/2025\/04\/Neutraler-HG-gross-Kopie-300x300.jpg 300w, https:\/\/fotoart-weinboehla.de\/wp-content\/uploads\/2025\/04\/Neutraler-HG-gross-Kopie-1024x1024.jpg 1024w, https:\/\/fotoart-weinboehla.de\/wp-content\/uploads\/2025\/04\/Neutraler-HG-gross-Kopie-150x150.jpg 150w, https:\/\/fotoart-weinboehla.de\/wp-content\/uploads\/2025\/04\/Neutraler-HG-gross-Kopie-768x767.jpg 768w\" sizes=\"auto, (max-width: 1452px) 100vw, 1452px\" \/><\/p>\n","protected":false},"excerpt":{"rendered":"<p>Die Vernissage des DVF Sachsen zeigte Bilder der Landesfotoschau 2025, des Landes-Themenwettbewerbes (Licht und Schatten) und ausgew\u00e4hlte Fotos des Mappenfotowettbewerbes 2022\/ 24 im Foyer des Bahnhofs Dresden-Neustadt. Au\u00dferdem gab es Urkunden f\u00fcr 10 Jahre DVF-Mitgliedschaft f\u00fcr Detlef, Bernd und Regina sowie Urkunden und Gutscheine f\u00fcr Bernd und Regina f\u00fcr einige ihrer eingereichten Bilder zum Themenwettbewerb &hellip; <a href=\"https:\/\/fotoart-weinboehla.de\/?p=5332\" class=\"more-link\"><span class=\"screen-reader-text\">Vernissage des DVF Sachsen am 8. M\u00e4rz 2025<\/span> weiterlesen<\/a><\/p>\n","protected":false},"author":3,"featured_media":0,"comment_status":"closed","ping_status":"open","sticky":false,"template":"","format":"standard","meta":{"_jetpack_memberships_contains_paid_content":false,"footnotes":""},"categories":[8],"tags":[],"class_list":["post-5332","post","type-post","status-publish","format-standard","hentry","category-chronikblog"],"jetpack_featured_media_url":"","jetpack_sharing_enabled":true,"_links":{"self":[{"href":"https:\/\/fotoart-weinboehla.de\/index.php?rest_route=\/wp\/v2\/posts\/5332","targetHints":{"allow":["GET"]}}],"collection":[{"href":"https:\/\/fotoart-weinboehla.de\/index.php?rest_route=\/wp\/v2\/posts"}],"about":[{"href":"https:\/\/fotoart-weinboehla.de\/index.php?rest_route=\/wp\/v2\/types\/post"}],"author":[{"embeddable":true,"href":"https:\/\/fotoart-weinboehla.de\/index.php?rest_route=\/wp\/v2\/users\/3"}],"replies":[{"embeddable":true,"href":"https:\/\/fotoart-weinboehla.de\/index.php?rest_route=%2Fwp%2Fv2%2Fcomments&post=5332"}],"version-history":[{"count":1,"href":"https:\/\/fotoart-weinboehla.de\/index.php?rest_route=\/wp\/v2\/posts\/5332\/revisions"}],"predecessor-version":[{"id":5334,"href":"https:\/\/fotoart-weinboehla.de\/index.php?rest_route=\/wp\/v2\/posts\/5332\/revisions\/5334"}],"wp:attachment":[{"href":"https:\/\/fotoart-weinboehla.de\/index.php?rest_route=%2Fwp%2Fv2%2Fmedia&parent=5332"}],"wp:term":[{"taxonomy":"category","embeddable":true,"href":"https:\/\/fotoart-weinboehla.de\/index.php?rest_route=%2Fwp%2Fv2%2Fcategories&post=5332"},{"taxonomy":"post_tag","embeddable":true,"href":"https:\/\/fotoart-weinboehla.de\/index.php?rest_route=%2Fwp%2Fv2%2Ftags&post=5332"}],"curies":[{"name":"wp","href":"https:\/\/api.w.org\/{rel}","templated":true}]}}