{"id":5271,"date":"2024-12-26T19:10:06","date_gmt":"2024-12-26T18:10:06","guid":{"rendered":"https:\/\/fotoart-weinboehla.de\/?p=5271"},"modified":"2024-12-26T19:10:06","modified_gmt":"2024-12-26T18:10:06","slug":"kleine-feier-zur-wintersonnenwende","status":"publish","type":"post","link":"https:\/\/fotoart-weinboehla.de\/?p=5271","title":{"rendered":"Kleine Feier zur Wintersonnenwende"},"content":{"rendered":"<p>Ein ganz gro\u00dfes Dankesch\u00f6n an Willi und Andrea, die uns diesen lustigen Abend erm\u00f6glichten.<\/p>\n<p><img loading=\"lazy\" decoding=\"async\" class=\"alignnone size-full wp-image-5274\" src=\"https:\/\/fotoart-weinboehla.de\/wp-content\/uploads\/2024\/12\/02-Sonnenwendfeier.jpg\" alt=\"\" width=\"1959\" height=\"2145\" srcset=\"https:\/\/fotoart-weinboehla.de\/wp-content\/uploads\/2024\/12\/02-Sonnenwendfeier.jpg 1959w, https:\/\/fotoart-weinboehla.de\/wp-content\/uploads\/2024\/12\/02-Sonnenwendfeier-274x300.jpg 274w, https:\/\/fotoart-weinboehla.de\/wp-content\/uploads\/2024\/12\/02-Sonnenwendfeier-935x1024.jpg 935w, https:\/\/fotoart-weinboehla.de\/wp-content\/uploads\/2024\/12\/02-Sonnenwendfeier-768x841.jpg 768w, https:\/\/fotoart-weinboehla.de\/wp-content\/uploads\/2024\/12\/02-Sonnenwendfeier-1403x1536.jpg 1403w, https:\/\/fotoart-weinboehla.de\/wp-content\/uploads\/2024\/12\/02-Sonnenwendfeier-1870x2048.jpg 1870w\" sizes=\"auto, (max-width: 1959px) 100vw, 1959px\" \/><\/p>\n","protected":false},"excerpt":{"rendered":"<p>Ein ganz gro\u00dfes Dankesch\u00f6n an Willi und Andrea, die uns diesen lustigen Abend erm\u00f6glichten.<\/p>\n","protected":false},"author":3,"featured_media":0,"comment_status":"closed","ping_status":"open","sticky":false,"template":"","format":"standard","meta":{"_jetpack_memberships_contains_paid_content":false,"footnotes":""},"categories":[8],"tags":[],"class_list":["post-5271","post","type-post","status-publish","format-standard","hentry","category-chronikblog"],"jetpack_featured_media_url":"","jetpack_sharing_enabled":true,"_links":{"self":[{"href":"https:\/\/fotoart-weinboehla.de\/index.php?rest_route=\/wp\/v2\/posts\/5271","targetHints":{"allow":["GET"]}}],"collection":[{"href":"https:\/\/fotoart-weinboehla.de\/index.php?rest_route=\/wp\/v2\/posts"}],"about":[{"href":"https:\/\/fotoart-weinboehla.de\/index.php?rest_route=\/wp\/v2\/types\/post"}],"author":[{"embeddable":true,"href":"https:\/\/fotoart-weinboehla.de\/index.php?rest_route=\/wp\/v2\/users\/3"}],"replies":[{"embeddable":true,"href":"https:\/\/fotoart-weinboehla.de\/index.php?rest_route=%2Fwp%2Fv2%2Fcomments&post=5271"}],"version-history":[{"count":2,"href":"https:\/\/fotoart-weinboehla.de\/index.php?rest_route=\/wp\/v2\/posts\/5271\/revisions"}],"predecessor-version":[{"id":5275,"href":"https:\/\/fotoart-weinboehla.de\/index.php?rest_route=\/wp\/v2\/posts\/5271\/revisions\/5275"}],"wp:attachment":[{"href":"https:\/\/fotoart-weinboehla.de\/index.php?rest_route=%2Fwp%2Fv2%2Fmedia&parent=5271"}],"wp:term":[{"taxonomy":"category","embeddable":true,"href":"https:\/\/fotoart-weinboehla.de\/index.php?rest_route=%2Fwp%2Fv2%2Fcategories&post=5271"},{"taxonomy":"post_tag","embeddable":true,"href":"https:\/\/fotoart-weinboehla.de\/index.php?rest_route=%2Fwp%2Fv2%2Ftags&post=5271"}],"curies":[{"name":"wp","href":"https:\/\/api.w.org\/{rel}","templated":true}]}}