{"id":5230,"date":"2024-10-20T12:25:14","date_gmt":"2024-10-20T11:25:14","guid":{"rendered":"https:\/\/fotoart-weinboehla.de\/?p=5230"},"modified":"2024-10-20T12:32:11","modified_gmt":"2024-10-20T11:32:11","slug":"ausflug-nach-grimma","status":"publish","type":"post","link":"https:\/\/fotoart-weinboehla.de\/?p=5230","title":{"rendered":"Ausflug nach Grimma"},"content":{"rendered":"<p>Der Kunst- und Fotoverein Grimma pr\u00e4sentiert eine Au\u00dfenausstellung am Muldeufer. Das hat unsere Neugier geweckt. Also machten sich 8 Fotofreunde auf die \u201eReise\u201c. Vor Ort sahen wir uns die Fotos an und tauschten uns aus. Tolle Bilder waren dabei. Anschlie\u00dfend fuhren wir ins Kloster Nimbschen und lie\u00dfen den Ausflug in der Klostersch\u00e4nke ausklingen.\u00a0\u00a0\u00a0\u00a0\u00a0\u00a0\u00a0\u00a0\u00a0\u00a0\u00a0\u00a0\u00a0\u00a0\u00a0\u00a0\u00a0\u00a0\u00a0\u00a0\u00a0\u00a0\u00a0\u00a0\u00a0\u00a0\u00a0\u00a0\u00a0\u00a0\u00a0\u00a0\u00a0\u00a0\u00a0\u00a0\u00a0\u00a0\u00a0\u00a0\u00a0\u00a0\u00a0\u00a0\u00a0\u00a0\u00a0\u00a0\u00a0\u00a0\u00a0\u00a0\u00a0\u00a0\u00a0\u00a0\u00a0\u00a0\u00a0\u00a0\u00a0\u00a0\u00a0\u00a0\u00a0\u00a0\u00a0\u00a0\u00a0\u00a0\u00a0\u00a0\u00a0 \u00a0 \u00a0 \u00a0 \u00a0 \u00a0 \u00a0\u00a0 \u00a0<em> (Ilona Kirchner)<\/em><\/p>\n<p><img loading=\"lazy\" decoding=\"async\" class=\"alignnone size-full wp-image-5235\" src=\"https:\/\/fotoart-weinboehla.de\/wp-content\/uploads\/2024\/10\/Grimma.jpg\" alt=\"\" width=\"1900\" height=\"1822\" srcset=\"https:\/\/fotoart-weinboehla.de\/wp-content\/uploads\/2024\/10\/Grimma.jpg 1900w, https:\/\/fotoart-weinboehla.de\/wp-content\/uploads\/2024\/10\/Grimma-300x288.jpg 300w, https:\/\/fotoart-weinboehla.de\/wp-content\/uploads\/2024\/10\/Grimma-1024x982.jpg 1024w, https:\/\/fotoart-weinboehla.de\/wp-content\/uploads\/2024\/10\/Grimma-768x736.jpg 768w, https:\/\/fotoart-weinboehla.de\/wp-content\/uploads\/2024\/10\/Grimma-1536x1473.jpg 1536w\" sizes=\"auto, (max-width: 1900px) 100vw, 1900px\" \/><\/p>\n","protected":false},"excerpt":{"rendered":"<p>Der Kunst- und Fotoverein Grimma pr\u00e4sentiert eine Au\u00dfenausstellung am Muldeufer. Das hat unsere Neugier geweckt. Also machten sich 8 Fotofreunde auf die \u201eReise\u201c. Vor Ort sahen wir uns die Fotos an und tauschten uns aus. Tolle Bilder waren dabei. Anschlie\u00dfend fuhren wir ins Kloster Nimbschen und lie\u00dfen den Ausflug in der Klostersch\u00e4nke ausklingen.\u00a0\u00a0\u00a0\u00a0\u00a0\u00a0\u00a0\u00a0\u00a0\u00a0\u00a0\u00a0\u00a0\u00a0\u00a0\u00a0\u00a0\u00a0\u00a0\u00a0\u00a0\u00a0\u00a0\u00a0\u00a0\u00a0\u00a0\u00a0\u00a0\u00a0\u00a0\u00a0\u00a0\u00a0\u00a0\u00a0\u00a0\u00a0\u00a0\u00a0\u00a0\u00a0\u00a0\u00a0\u00a0\u00a0\u00a0\u00a0\u00a0\u00a0\u00a0\u00a0\u00a0\u00a0\u00a0\u00a0\u00a0\u00a0\u00a0\u00a0\u00a0\u00a0\u00a0\u00a0\u00a0\u00a0\u00a0\u00a0\u00a0\u00a0\u00a0\u00a0\u00a0 \u00a0 \u00a0 &hellip; <a href=\"https:\/\/fotoart-weinboehla.de\/?p=5230\" class=\"more-link\"><span class=\"screen-reader-text\">Ausflug nach Grimma<\/span> weiterlesen<\/a><\/p>\n","protected":false},"author":3,"featured_media":0,"comment_status":"closed","ping_status":"open","sticky":false,"template":"","format":"standard","meta":{"_jetpack_memberships_contains_paid_content":false,"footnotes":""},"categories":[8],"tags":[],"class_list":["post-5230","post","type-post","status-publish","format-standard","hentry","category-chronikblog"],"jetpack_featured_media_url":"","jetpack_sharing_enabled":true,"_links":{"self":[{"href":"https:\/\/fotoart-weinboehla.de\/index.php?rest_route=\/wp\/v2\/posts\/5230","targetHints":{"allow":["GET"]}}],"collection":[{"href":"https:\/\/fotoart-weinboehla.de\/index.php?rest_route=\/wp\/v2\/posts"}],"about":[{"href":"https:\/\/fotoart-weinboehla.de\/index.php?rest_route=\/wp\/v2\/types\/post"}],"author":[{"embeddable":true,"href":"https:\/\/fotoart-weinboehla.de\/index.php?rest_route=\/wp\/v2\/users\/3"}],"replies":[{"embeddable":true,"href":"https:\/\/fotoart-weinboehla.de\/index.php?rest_route=%2Fwp%2Fv2%2Fcomments&post=5230"}],"version-history":[{"count":8,"href":"https:\/\/fotoart-weinboehla.de\/index.php?rest_route=\/wp\/v2\/posts\/5230\/revisions"}],"predecessor-version":[{"id":5238,"href":"https:\/\/fotoart-weinboehla.de\/index.php?rest_route=\/wp\/v2\/posts\/5230\/revisions\/5238"}],"wp:attachment":[{"href":"https:\/\/fotoart-weinboehla.de\/index.php?rest_route=%2Fwp%2Fv2%2Fmedia&parent=5230"}],"wp:term":[{"taxonomy":"category","embeddable":true,"href":"https:\/\/fotoart-weinboehla.de\/index.php?rest_route=%2Fwp%2Fv2%2Fcategories&post=5230"},{"taxonomy":"post_tag","embeddable":true,"href":"https:\/\/fotoart-weinboehla.de\/index.php?rest_route=%2Fwp%2Fv2%2Ftags&post=5230"}],"curies":[{"name":"wp","href":"https:\/\/api.w.org\/{rel}","templated":true}]}}